{"id":544,"date":"2013-11-25T10:56:43","date_gmt":"2013-11-25T12:56:43","guid":{"rendered":"http:\/\/www.encontragovvaladares.com.br\/noticias\/?p=544"},"modified":"2013-11-25T10:56:43","modified_gmt":"2013-11-25T12:56:43","slug":"prefeitura-realiza-oficina-sobre-hanseniase-e-tuberculose-em-governador-valadares","status":"publish","type":"post","link":"https:\/\/www.encontragovvaladares.com.br\/noticias\/prefeitura-realiza-oficina-sobre-hanseniase-e-tuberculose-em-governador-valadares\/","title":{"rendered":"Prefeitura realiza oficina sobre hansen\u00edase e tuberculose em Governador Valadares"},"content":{"rendered":"<p>Est\u00e3o abertas as inscri\u00e7\u00f5es para a I Oficina para Mobiliza\u00e7\u00e3o Social em Hansen\u00edase e Tuberculose, que acontecer\u00e1 no dia 27 deste m\u00eas em Valadares. Podem participar membros da sociedade civil organizada, popula\u00e7\u00e3o em geral, conselheiros e profissionais de sa\u00fade. Basta enviar um email para juntoscontrahantb@hotmail.com, demonstrando interesse em participar do evento ou ainda ligar para 3275.5288.<\/p>\n<p>S\u00e3o esperadas cerca de 250 pessoas de Valadares e cidades vizinhas como Central de Minas, Itabirinha, S\u00e3o Jo\u00e3o do Manteninha, Mendes Pimentel e Galil\u00e9ia. \u201cA oficina tem por objetivo ampliar o rol de parceiros no combate a doen\u00e7as end\u00eamicas na regi\u00e3o, apoiar as a\u00e7\u00f5es de controle, disseminando informa\u00e7\u00e3o e atuando de forma direta e indireta. Al\u00e9m de reunir pessoas interessadas em conhecer mais sobre estas doen\u00e7as\u201d, afirmou a m\u00e9dica sanitarista da Secretaria Municipal de Sa\u00fade de Governador Valadares Katiuscia Cardoso Rodrigues.<\/p>\n<p>A a\u00e7\u00e3o \u00e9 realizada pela Secretaria Municipal de Sa\u00fade em parceria com a ONG NHR Brasil, que apoia projetos de reabilita\u00e7\u00e3o em hansen\u00edase, Superintend\u00eancia Regional de Sa\u00fade, Univale e Centro de Refer\u00eancia em Doen\u00e7as End\u00eamicas e Programas Especiais Dr. Alexandre Castelo Branco (CREDEN-PES).<\/p>\n<p><strong>Oficina<\/strong><\/p>\n<p>A oficina ser\u00e1 realizada no dia 27 de novembro, das 8 \u00e0s 16h30, no audit\u00f3rio do Centro Cultural Herm\u00edrio Gomes, no campus II da Univale. Na parte da manh\u00e3, haver\u00e1 um alinhamento conceitual sobre as doen\u00e7as, momento de tirar d\u00favidas e apresenta\u00e7\u00e3o dos principais desafios para a mobiliza\u00e7\u00e3o social. J\u00e1 no per\u00edodo da tarde, as pessoas ser\u00e3o divididas em grupos, de acordo com a afinidade entre elas, e trabalhar\u00e3o os seguintes temas: pesquisa, educa\u00e7\u00e3o em sa\u00fade e forma\u00e7\u00e3o profissional, mobiliza\u00e7\u00e3o e controle social,\u00a0 e judicializa\u00e7\u00e3o na defesa de interesses coletivos.<\/p>\n","protected":false},"excerpt":{"rendered":"<p>Est\u00e3o abertas as inscri\u00e7\u00f5es para a I Oficina para Mobiliza\u00e7\u00e3o Social em Hansen\u00edase e Tuberculose, que acontecer\u00e1 no dia 27 deste m\u00eas em Valadares. Podem participar membros da sociedade civil organizada, popula\u00e7\u00e3o em geral, conselheiros e profissionais de sa\u00fade. Basta enviar um email para juntoscontrahantb@hotmail.com, demonstrando interesse em participar do evento ou ainda ligar para [&hellip;]<\/p>\n","protected":false},"author":1,"featured_media":0,"comment_status":"open","ping_status":"open","sticky":false,"template":"","format":"standard","meta":{"footnotes":""},"categories":[6],"tags":[],"class_list":["post-544","post","type-post","status-publish","format-standard","hentry","category-noticias"],"_links":{"self":[{"href":"https:\/\/www.encontragovvaladares.com.br\/noticias\/wp-json\/wp\/v2\/posts\/544","targetHints":{"allow":["GET"]}}],"collection":[{"href":"https:\/\/www.encontragovvaladares.com.br\/noticias\/wp-json\/wp\/v2\/posts"}],"about":[{"href":"https:\/\/www.encontragovvaladares.com.br\/noticias\/wp-json\/wp\/v2\/types\/post"}],"author":[{"embeddable":true,"href":"https:\/\/www.encontragovvaladares.com.br\/noticias\/wp-json\/wp\/v2\/users\/1"}],"replies":[{"embeddable":true,"href":"https:\/\/www.encontragovvaladares.com.br\/noticias\/wp-json\/wp\/v2\/comments?post=544"}],"version-history":[{"count":1,"href":"https:\/\/www.encontragovvaladares.com.br\/noticias\/wp-json\/wp\/v2\/posts\/544\/revisions"}],"predecessor-version":[{"id":545,"href":"https:\/\/www.encontragovvaladares.com.br\/noticias\/wp-json\/wp\/v2\/posts\/544\/revisions\/545"}],"wp:attachment":[{"href":"https:\/\/www.encontragovvaladares.com.br\/noticias\/wp-json\/wp\/v2\/media?parent=544"}],"wp:term":[{"taxonomy":"category","embeddable":true,"href":"https:\/\/www.encontragovvaladares.com.br\/noticias\/wp-json\/wp\/v2\/categories?post=544"},{"taxonomy":"post_tag","embeddable":true,"href":"https:\/\/www.encontragovvaladares.com.br\/noticias\/wp-json\/wp\/v2\/tags?post=544"}],"curies":[{"name":"wp","href":"https:\/\/api.w.org\/{rel}","templated":true}]}}