{"id":547,"date":"2013-12-04T09:54:40","date_gmt":"2013-12-04T11:54:40","guid":{"rendered":"http:\/\/www.encontragovvaladares.com.br\/noticias\/?p=547"},"modified":"2013-12-04T09:54:40","modified_gmt":"2013-12-04T11:54:40","slug":"espetaculo-o-menino-que-colecionava-sonhos-e-atracao-no-teatro-atiaia-em-governador-valadares","status":"publish","type":"post","link":"https:\/\/www.encontragovvaladares.com.br\/noticias\/espetaculo-o-menino-que-colecionava-sonhos-e-atracao-no-teatro-atiaia-em-governador-valadares\/","title":{"rendered":"Espet\u00e1culo O Menino que Colecionava Sonhos \u00e9 atra\u00e7\u00e3o no Teatro Atiaia em Governador Valadares"},"content":{"rendered":"<p>Vem a\u00ed a Mostra Art\u00edstica do Programa Tim ArtEducA\u00e7\u00e3o, que este ano apresenta o espet\u00e1culo O Menino que Colecionava Sonhos, dia 11 de dezembro, \u00e0s 20h, no Teatro Atiaia, com entrada franca.<\/p>\n<p>O ArtEducA\u00e7\u00e3o \u00e9 coordenado pela ONG Humanizarte, de Vi\u00e7osa\/MG, com apoio da Lei Estadual de Incentivo \u00e0 Cultura e, em Valadares, apoio da Prefeitura.<\/p>\n<p>O Programa, que acontece na cidade desde 2009, tem dura\u00e7\u00e3o de seis meses por ano e oferece oficinas gratuitas de arte e cultura a alunos de escolas p\u00fablicas da periferia. Neste ano participam adolescentes dos bairros M\u00e3e de Deus, Altin\u00f3polis, S\u00e3o Raimundo, Jardim P\u00e9rola, Jardim do Trevo e Turmalina. Cerca de mil crian\u00e7as j\u00e1 participaram do ArtEducA\u00e7\u00e3o.<\/p>\n<p><strong>Servi\u00e7o:<\/strong><br \/>\nO que: O Menino que Colecionava Sonhos<br \/>\nLocal: Teatro Atiaia<br \/>\nEndere\u00e7o: Avenida Brasil, 2920, Governador Valadares<br \/>\nValor: Nada<\/p>\n","protected":false},"excerpt":{"rendered":"<p>Vem a\u00ed a Mostra Art\u00edstica do Programa Tim ArtEducA\u00e7\u00e3o, que este ano apresenta o espet\u00e1culo O Menino que Colecionava Sonhos, dia 11 de dezembro, \u00e0s 20h, no Teatro Atiaia, com entrada franca. O ArtEducA\u00e7\u00e3o \u00e9 coordenado pela ONG Humanizarte, de Vi\u00e7osa\/MG, com apoio da Lei Estadual de Incentivo \u00e0 Cultura e, em Valadares, apoio da [&hellip;]<\/p>\n","protected":false},"author":1,"featured_media":0,"comment_status":"open","ping_status":"open","sticky":false,"template":"","format":"standard","meta":{"footnotes":""},"categories":[6],"tags":[],"class_list":["post-547","post","type-post","status-publish","format-standard","hentry","category-noticias"],"_links":{"self":[{"href":"https:\/\/www.encontragovvaladares.com.br\/noticias\/wp-json\/wp\/v2\/posts\/547","targetHints":{"allow":["GET"]}}],"collection":[{"href":"https:\/\/www.encontragovvaladares.com.br\/noticias\/wp-json\/wp\/v2\/posts"}],"about":[{"href":"https:\/\/www.encontragovvaladares.com.br\/noticias\/wp-json\/wp\/v2\/types\/post"}],"author":[{"embeddable":true,"href":"https:\/\/www.encontragovvaladares.com.br\/noticias\/wp-json\/wp\/v2\/users\/1"}],"replies":[{"embeddable":true,"href":"https:\/\/www.encontragovvaladares.com.br\/noticias\/wp-json\/wp\/v2\/comments?post=547"}],"version-history":[{"count":1,"href":"https:\/\/www.encontragovvaladares.com.br\/noticias\/wp-json\/wp\/v2\/posts\/547\/revisions"}],"predecessor-version":[{"id":548,"href":"https:\/\/www.encontragovvaladares.com.br\/noticias\/wp-json\/wp\/v2\/posts\/547\/revisions\/548"}],"wp:attachment":[{"href":"https:\/\/www.encontragovvaladares.com.br\/noticias\/wp-json\/wp\/v2\/media?parent=547"}],"wp:term":[{"taxonomy":"category","embeddable":true,"href":"https:\/\/www.encontragovvaladares.com.br\/noticias\/wp-json\/wp\/v2\/categories?post=547"},{"taxonomy":"post_tag","embeddable":true,"href":"https:\/\/www.encontragovvaladares.com.br\/noticias\/wp-json\/wp\/v2\/tags?post=547"}],"curies":[{"name":"wp","href":"https:\/\/api.w.org\/{rel}","templated":true}]}}