{"id":549,"date":"2013-12-10T10:43:28","date_gmt":"2013-12-10T12:43:28","guid":{"rendered":"http:\/\/www.encontragovvaladares.com.br\/noticias\/?p=549"},"modified":"2013-12-10T10:43:28","modified_gmt":"2013-12-10T12:43:28","slug":"feira-de-economia-solidaria-acontece-dias-12-e-13-em-governador-valadares","status":"publish","type":"post","link":"https:\/\/www.encontragovvaladares.com.br\/noticias\/feira-de-economia-solidaria-acontece-dias-12-e-13-em-governador-valadares\/","title":{"rendered":"Feira de Economia Solid\u00e1ria acontece dias 12 e 13 em Governador Valadares"},"content":{"rendered":"<p>Nas pr\u00f3ximas quinta e sextas-feiras (12 e 13) a Pra\u00e7a dos Pioneiros ser\u00e1 sede da 11\u00aa Feira Regional de Economia Solid\u00e1ria do Vale do Rio Doce. Nos dois dias os visitantes poder\u00e3o conferir os trabalhos de pequenas cooperativas \u2013 empreendimentos solid\u00e1rios que geram trabalho e renda no meio rural e urbano. Sete munic\u00edpios da regi\u00e3o estar\u00e3o representados na feira que, ao todo, ter\u00e1 15 grupos e expositores do Ponto de Cultura da Uni\u00e3o Oper\u00e1ria de Governador Valadares (Artesanato e Cultura).<\/p>\n<p>A feira \u00e9 a concretiza\u00e7\u00e3o da viabilidade de um outro modelo de produ\u00e7\u00e3o \u2013 a economia solid\u00e1ria \u2013 que trabalha com respeito ao meio ambiente e ao ser humano. Ser\u00e3o expostos v\u00e1rios produtos de panifica\u00e7\u00e3o, quitandas, doces caseiros, artesanato, costura, bordados, produtos derivados da cana-de-a\u00e7\u00facar (rapadura, a\u00e7\u00facar mascavo e cacha\u00e7a), alimentos agroecol\u00f3gicos (farinha, gr\u00e3os, hortali\u00e7as e legumes), medicamentos e rem\u00e9dios naturais \u2013 entre outros bens e servi\u00e7os.<\/p>\n<p>Promovida pelo F\u00f3rum Regional de Economia Popular Solid\u00e1ria do Vale do Rio Doce, a feira conta com apoio da <a title=\"Prefeitura de Governador Valadares\" href=\"http:\/\/www.encontragovvaladares.com.br\/governador-valadares\/prefeitura-municipal-de-governador-valadares.shtml\" target=\"_blank\">Prefeitura de Valadares<\/a>. As barracas estar\u00e3o na Pra\u00e7a das 9 \u00e0s 20h. Tamb\u00e9m ser\u00e1 realizada no espa\u00e7o da feira o evento 16 dias de Ativismo de Luta contra a Viol\u00eancia \u00e0 Mulher, promovido pela Coordenadoria da Mulher.<\/p>\n","protected":false},"excerpt":{"rendered":"<p>Nas pr\u00f3ximas quinta e sextas-feiras (12 e 13) a Pra\u00e7a dos Pioneiros ser\u00e1 sede da 11\u00aa Feira Regional de Economia Solid\u00e1ria do Vale do Rio Doce. Nos dois dias os visitantes poder\u00e3o conferir os trabalhos de pequenas cooperativas \u2013 empreendimentos solid\u00e1rios que geram trabalho e renda no meio rural e urbano. Sete munic\u00edpios da regi\u00e3o [&hellip;]<\/p>\n","protected":false},"author":1,"featured_media":0,"comment_status":"open","ping_status":"open","sticky":false,"template":"","format":"standard","meta":{"footnotes":""},"categories":[6],"tags":[],"class_list":["post-549","post","type-post","status-publish","format-standard","hentry","category-noticias"],"_links":{"self":[{"href":"https:\/\/www.encontragovvaladares.com.br\/noticias\/wp-json\/wp\/v2\/posts\/549","targetHints":{"allow":["GET"]}}],"collection":[{"href":"https:\/\/www.encontragovvaladares.com.br\/noticias\/wp-json\/wp\/v2\/posts"}],"about":[{"href":"https:\/\/www.encontragovvaladares.com.br\/noticias\/wp-json\/wp\/v2\/types\/post"}],"author":[{"embeddable":true,"href":"https:\/\/www.encontragovvaladares.com.br\/noticias\/wp-json\/wp\/v2\/users\/1"}],"replies":[{"embeddable":true,"href":"https:\/\/www.encontragovvaladares.com.br\/noticias\/wp-json\/wp\/v2\/comments?post=549"}],"version-history":[{"count":1,"href":"https:\/\/www.encontragovvaladares.com.br\/noticias\/wp-json\/wp\/v2\/posts\/549\/revisions"}],"predecessor-version":[{"id":550,"href":"https:\/\/www.encontragovvaladares.com.br\/noticias\/wp-json\/wp\/v2\/posts\/549\/revisions\/550"}],"wp:attachment":[{"href":"https:\/\/www.encontragovvaladares.com.br\/noticias\/wp-json\/wp\/v2\/media?parent=549"}],"wp:term":[{"taxonomy":"category","embeddable":true,"href":"https:\/\/www.encontragovvaladares.com.br\/noticias\/wp-json\/wp\/v2\/categories?post=549"},{"taxonomy":"post_tag","embeddable":true,"href":"https:\/\/www.encontragovvaladares.com.br\/noticias\/wp-json\/wp\/v2\/tags?post=549"}],"curies":[{"name":"wp","href":"https:\/\/api.w.org\/{rel}","templated":true}]}}