{"id":555,"date":"2014-01-06T10:37:44","date_gmt":"2014-01-06T12:37:44","guid":{"rendered":"http:\/\/www.encontragovvaladares.com.br\/noticias\/?p=555"},"modified":"2014-01-06T10:37:44","modified_gmt":"2014-01-06T12:37:44","slug":"governador-valadares-vai-sediar-a-super-final-da-copa-mundial-de-parapente","status":"publish","type":"post","link":"https:\/\/www.encontragovvaladares.com.br\/noticias\/governador-valadares-vai-sediar-a-super-final-da-copa-mundial-de-parapente\/","title":{"rendered":"Governador Valadares vai sediar a Super Final da Copa Mundial de Parapente"},"content":{"rendered":"<p>Governador Valadares vai sediar, pela primeira vez, a Super Final da Copa Mundial de Parapente. O evento ser\u00e1 realizado nos dias 14 a 25 deste m\u00eas, no Pico do Ibituruna, e contar\u00e1 com a participa\u00e7\u00e3o de 125 pilotos de diversos pa\u00edses. A realiza\u00e7\u00e3o \u00e9 da Associa\u00e7\u00e3o Brasileira de Voo Livre, em parceria com a Prefeitura, por meio de duas secretarias municipais: Desenvolvimento e Esporte, Cultura, Lazer e Juventude.<\/p>\n<p>Inicialmente, a final da Copa Mundial de Parapente seria sediada em Baixo Guandu (ES), mas em virtude das chuvas, a disputa do local sede ficou entre Governador Valadares e Sapiranga, no Rio Grande do Sul. Para Charles Silva, um dos organizadores do evento, a escolha \u00e9 sinal do reconhecimento da boa organiza\u00e7\u00e3o do mundial realizado em 2005 em Valadares. \u201cValadares j\u00e1 sediou tr\u00eas etapas da Copa Mundial de Parapente: em 96, 2001 e 2009; j\u00e1 realizamos um campeonato mundial perfeito em 2005, ou seja, j\u00e1 temos um hist\u00f3rico de boa organiza\u00e7\u00e3o do evento e tamb\u00e9m temos o melhor local: Pico do Ibituruna\u201d, afirmou Charles. O secret\u00e1rio de Esportes, Cultura, Lazer e Juventude, F\u00e1bio Brasileiro, tamb\u00e9m credita a escolha de Valadares ao<em>know hall <\/em>para sediar as competi\u00e7\u00f5es de voo livre.<\/p>\n<p>Haver\u00e1 premia\u00e7\u00e3o em trof\u00e9u e dinheiro para os tr\u00eas primeiros colocados na categoria masculina, feminina, equipe e do pa\u00eds que mais se destacou. Apenas cinco pilotos representar\u00e3o o Brasil, mas, desta vez, os valadarenses ficar\u00e3o de fora. A Copa tem o apoio da Associa\u00e7\u00e3o de Voo Livre Ibituruna, Associa\u00e7\u00e3o Valadarense de Voo Livre, al\u00e9m do Conselho Municipal de Pol\u00edticas de Esporte e Lazer (CMEL) e do Conselho Municipal de Turismo (COMTUR).<\/p>\n","protected":false},"excerpt":{"rendered":"<p>Governador Valadares vai sediar, pela primeira vez, a Super Final da Copa Mundial de Parapente. O evento ser\u00e1 realizado nos dias 14 a 25 deste m\u00eas, no Pico do Ibituruna, e contar\u00e1 com a participa\u00e7\u00e3o de 125 pilotos de diversos pa\u00edses. A realiza\u00e7\u00e3o \u00e9 da Associa\u00e7\u00e3o Brasileira de Voo Livre, em parceria com a Prefeitura, [&hellip;]<\/p>\n","protected":false},"author":1,"featured_media":0,"comment_status":"open","ping_status":"open","sticky":false,"template":"","format":"standard","meta":{"footnotes":""},"categories":[6],"tags":[],"class_list":["post-555","post","type-post","status-publish","format-standard","hentry","category-noticias"],"_links":{"self":[{"href":"https:\/\/www.encontragovvaladares.com.br\/noticias\/wp-json\/wp\/v2\/posts\/555","targetHints":{"allow":["GET"]}}],"collection":[{"href":"https:\/\/www.encontragovvaladares.com.br\/noticias\/wp-json\/wp\/v2\/posts"}],"about":[{"href":"https:\/\/www.encontragovvaladares.com.br\/noticias\/wp-json\/wp\/v2\/types\/post"}],"author":[{"embeddable":true,"href":"https:\/\/www.encontragovvaladares.com.br\/noticias\/wp-json\/wp\/v2\/users\/1"}],"replies":[{"embeddable":true,"href":"https:\/\/www.encontragovvaladares.com.br\/noticias\/wp-json\/wp\/v2\/comments?post=555"}],"version-history":[{"count":1,"href":"https:\/\/www.encontragovvaladares.com.br\/noticias\/wp-json\/wp\/v2\/posts\/555\/revisions"}],"predecessor-version":[{"id":556,"href":"https:\/\/www.encontragovvaladares.com.br\/noticias\/wp-json\/wp\/v2\/posts\/555\/revisions\/556"}],"wp:attachment":[{"href":"https:\/\/www.encontragovvaladares.com.br\/noticias\/wp-json\/wp\/v2\/media?parent=555"}],"wp:term":[{"taxonomy":"category","embeddable":true,"href":"https:\/\/www.encontragovvaladares.com.br\/noticias\/wp-json\/wp\/v2\/categories?post=555"},{"taxonomy":"post_tag","embeddable":true,"href":"https:\/\/www.encontragovvaladares.com.br\/noticias\/wp-json\/wp\/v2\/tags?post=555"}],"curies":[{"name":"wp","href":"https:\/\/api.w.org\/{rel}","templated":true}]}}