{"id":562,"date":"2014-01-15T09:30:19","date_gmt":"2014-01-15T11:30:19","guid":{"rendered":"http:\/\/www.encontragovvaladares.com.br\/noticias\/?p=562"},"modified":"2014-01-15T09:30:19","modified_gmt":"2014-01-15T11:30:19","slug":"inscricoes-para-corrida-rustica-do-aniversario-de-governador-valadares-ja-estao-abertas","status":"publish","type":"post","link":"https:\/\/www.encontragovvaladares.com.br\/noticias\/inscricoes-para-corrida-rustica-do-aniversario-de-governador-valadares-ja-estao-abertas\/","title":{"rendered":"Inscri\u00e7\u00f5es para Corrida R\u00fastica do anivers\u00e1rio de Governador Valadares j\u00e1 est\u00e3o abertas"},"content":{"rendered":"<p>J\u00e1 est\u00e3o abertas as inscri\u00e7\u00f5es para a tradicional Corrida R\u00fastica do anivers\u00e1rio da cidade, comemorado no dia 30 de janeiro. Como no ano passado, a corrida acontecer\u00e1 no domingo anterior e n\u00e3o no dia do anivers\u00e1rio, para facilitar a participa\u00e7\u00e3o de corredores de fora da cidade. As inscri\u00e7\u00f5es, que v\u00e3o at\u00e9 o dia 24, s\u00e3o gratuitas e podem ser feitas pelo site https:\/\/intranet.valadares.mg.gov.br\/corridarustica\/\u00a0 ou no hor\u00e1rio de 12h30 \u00e0s 17h30, no Departamento de Esportes e Lazer da Secretaria Municipal de Esportes, que fica localizado na Av. Brasil, 2920, 3\u00ba andar, no Centro.<\/p>\n<p>A Corrida dever\u00e1 ser dividida em tr\u00eas categorias: geral, especial e valadarense. A categoria especial \u00e9 destinada aos atletas cadeirantes, com defici\u00eancia visual ou f\u00edsica no membro inferior, que tenha dificuldade para andar ou correr e\/ou utilize pr\u00f3tese.<\/p>\n<p>Os atletas nascidos ou residentes em Valadares dever\u00e3o apresentar o comprovante de resid\u00eancia atualizado (\u00faltimos tr\u00eas meses), carteira de identidade e CPF. Os menores de 18 anos precisam apresentar no ato da inscri\u00e7\u00e3o a autoriza\u00e7\u00e3o escrita, com firma reconhecida, dos seus respons\u00e1veis e c\u00f3pia autenticada do documento de identidade. Os atletas que se inscreverem pelo site dever\u00e3o anexar ao e-mail corridarusticagv@gmail.com as c\u00f3pias da carteira de identidade, CPF e do comprovante de resid\u00eancia.<\/p>\n<p>Os tr\u00eas primeiros colocados de cada categoria ser\u00e3o premiados com medalhas e valores financeiros. A classifica\u00e7\u00e3o para categoria geral este ano traz uma novidade: cada sexo ter\u00e1 sua pr\u00f3pria premia\u00e7\u00e3o. Os corredores que por acaso se\u00a0 classificarem entre os tr\u00eas primeiros lugares da categoria valadarense e tamb\u00e9m na categoria geral, poder\u00e3o optar pela categoria em que ser\u00e1 validada sua classifica\u00e7\u00e3o. Todos os participantes que completarem a prova receber\u00e3o medalha de participa\u00e7\u00e3o.<\/p>\n<p>&nbsp;<\/p>\n","protected":false},"excerpt":{"rendered":"<p>J\u00e1 est\u00e3o abertas as inscri\u00e7\u00f5es para a tradicional Corrida R\u00fastica do anivers\u00e1rio da cidade, comemorado no dia 30 de janeiro. Como no ano passado, a corrida acontecer\u00e1 no domingo anterior e n\u00e3o no dia do anivers\u00e1rio, para facilitar a participa\u00e7\u00e3o de corredores de fora da cidade. As inscri\u00e7\u00f5es, que v\u00e3o at\u00e9 o dia 24, s\u00e3o [&hellip;]<\/p>\n","protected":false},"author":1,"featured_media":0,"comment_status":"open","ping_status":"open","sticky":false,"template":"","format":"standard","meta":{"footnotes":""},"categories":[6],"tags":[],"class_list":["post-562","post","type-post","status-publish","format-standard","hentry","category-noticias"],"_links":{"self":[{"href":"https:\/\/www.encontragovvaladares.com.br\/noticias\/wp-json\/wp\/v2\/posts\/562","targetHints":{"allow":["GET"]}}],"collection":[{"href":"https:\/\/www.encontragovvaladares.com.br\/noticias\/wp-json\/wp\/v2\/posts"}],"about":[{"href":"https:\/\/www.encontragovvaladares.com.br\/noticias\/wp-json\/wp\/v2\/types\/post"}],"author":[{"embeddable":true,"href":"https:\/\/www.encontragovvaladares.com.br\/noticias\/wp-json\/wp\/v2\/users\/1"}],"replies":[{"embeddable":true,"href":"https:\/\/www.encontragovvaladares.com.br\/noticias\/wp-json\/wp\/v2\/comments?post=562"}],"version-history":[{"count":1,"href":"https:\/\/www.encontragovvaladares.com.br\/noticias\/wp-json\/wp\/v2\/posts\/562\/revisions"}],"predecessor-version":[{"id":563,"href":"https:\/\/www.encontragovvaladares.com.br\/noticias\/wp-json\/wp\/v2\/posts\/562\/revisions\/563"}],"wp:attachment":[{"href":"https:\/\/www.encontragovvaladares.com.br\/noticias\/wp-json\/wp\/v2\/media?parent=562"}],"wp:term":[{"taxonomy":"category","embeddable":true,"href":"https:\/\/www.encontragovvaladares.com.br\/noticias\/wp-json\/wp\/v2\/categories?post=562"},{"taxonomy":"post_tag","embeddable":true,"href":"https:\/\/www.encontragovvaladares.com.br\/noticias\/wp-json\/wp\/v2\/tags?post=562"}],"curies":[{"name":"wp","href":"https:\/\/api.w.org\/{rel}","templated":true}]}}