{"id":565,"date":"2014-01-24T11:17:22","date_gmt":"2014-01-24T13:17:22","guid":{"rendered":"http:\/\/www.encontragovvaladares.com.br\/noticias\/?p=565"},"modified":"2014-01-24T11:17:22","modified_gmt":"2014-01-24T13:17:22","slug":"programacao-do-aniversario-de-governador-valadares","status":"publish","type":"post","link":"https:\/\/www.encontragovvaladares.com.br\/noticias\/programacao-do-aniversario-de-governador-valadares\/","title":{"rendered":"Programa\u00e7\u00e3o do anivers\u00e1rio de Governador Valadares"},"content":{"rendered":"<p>Confira abaixo a Programa\u00e7\u00e3o completa do anivers\u00e1rio de Governador Valadares:<\/p>\n<ul>\n<li><strong>Dia 26 de Janeiro:<\/strong><\/li>\n<\/ul>\n<p><strong>XXXII Corrida R\u00fastica do Anivers\u00e1rio da Cidade \u2013 Largada<\/strong><\/p>\n<p><strong>Hor\u00e1rio: <\/strong>9 horas<\/p>\n<p><strong>Local:\u00a0<\/strong>Pra\u00e7a dos Pioneiros<\/p>\n<p><strong>Apresenta\u00e7\u00e3o das Bandas: Ascendancy, Z\u00e9 Louco, Matchbox, Brasilian Energy<\/strong><\/p>\n<p><strong>Hor\u00e1rio: <\/strong>14 horas<\/p>\n<p><strong>Local: <\/strong>Horto Municipal<\/p>\n<ul>\n<li><strong>Dia 27 de Janeiro:<\/strong><\/li>\n<\/ul>\n<p><strong>Inaugura\u00e7\u00e3o Almoxarifado Hospital Municipal<\/strong><\/p>\n<p><strong>Hor\u00e1rio: <\/strong>10 horas<\/p>\n<p><strong>Local: <\/strong>Rua Al\u00e7a do Contorno, n\u00ba 102 &#8211; Distrito Industrial<\/p>\n<ul>\n<li><strong>Dia: 28 de Janeiro:<\/strong><\/li>\n<\/ul>\n<p><strong>Noite Crist\u00e3: Apresenta\u00e7\u00e3o de Bandas das Igrejas<\/strong><\/p>\n<p><strong>Hor\u00e1rio:\u00a0<\/strong>19 horas<\/p>\n<p><strong>Local: <\/strong>Pra\u00e7a dos Pioneiros<\/p>\n<ul>\n<li><strong>Dia 29 de Janeiro<\/strong>:<\/li>\n<\/ul>\n<p><strong>Ato de in\u00edcio das obras da ETE Santos Dumont e ETA Central<\/strong><\/p>\n<p><strong>Hor\u00e1rio: <\/strong>10 horas<\/p>\n<p><strong>Local: <\/strong>Audit\u00f3rio do SAAE<\/p>\n<p><strong>Inaugura\u00e7\u00e3o Pra\u00e7a do Azteca<\/strong><\/p>\n<p><strong>Hor\u00e1rio: <\/strong>18h30<\/p>\n<p><strong>Local: <\/strong>Rua 101, n\u00ba 400 \u2013 Azteca<\/p>\n<p><strong>Varal de Poesias (Associa\u00e7\u00e3o Nova Acr\u00f3pole)<\/strong><\/p>\n<p><strong>Hor\u00e1rio: <\/strong>19 horas<\/p>\n<p><strong>Local: <\/strong>Pra\u00e7a dos Pioneiros<\/p>\n<p><strong>Show com as Bandas: Marcelinho Tiradentes e Quilombo<\/strong><\/p>\n<p><strong>Hor\u00e1rio: <\/strong>19 horas<\/p>\n<p><strong>Local: <\/strong>Pra\u00e7a dos Pioneiros<\/p>\n<ul>\n<li><strong>Dia 30 de Janeiro<\/strong>:<\/li>\n<\/ul>\n<p><strong>Tocata da Banda Lira 30 de Janeiro<\/strong><\/p>\n<p><strong>Hor\u00e1rio: <\/strong>5 horas<\/p>\n<p><strong>Local: <\/strong>Em diversos bairros da cidade<\/p>\n<p><strong>Alvorada da Banda Lira 30 de Janeiro<\/strong><\/p>\n<p><strong>Hor\u00e1rio<\/strong>: 6 horas<\/p>\n<p><strong>Local: <\/strong>Casa da Prefeita<\/p>\n<p><strong>Abertura Oficial com Hasteamento da Bandeira<\/strong><\/p>\n<p><strong>Hor\u00e1rio:\u00a0<\/strong>8 horas<\/p>\n<p><strong>Local:\u00a0<\/strong>Pra\u00e7a do Vig\u00e9simo<\/p>\n<p><strong>Celebra\u00e7\u00e3o Eucar\u00edstica de A\u00e7\u00e3o de Gra\u00e7as pelo Anivers\u00e1rio<\/strong><\/p>\n<p><strong>Hor\u00e1rio:\u00a0<\/strong>10 horas<\/p>\n<p><strong>Local:\u00a0<\/strong>Igreja da Catedral<\/p>\n<p><strong>Exposi\u00e7\u00e3o Fotogr\u00e1fica da hist\u00f3ria da Cidade<\/strong><\/p>\n<p><strong>Hor\u00e1rio:\u00a0<\/strong>14 horas \u00e0s 18 horas<\/p>\n<p><strong>Local:\u00a0<\/strong>Pra\u00e7a dos Pioneiros<\/p>\n<p><strong>Inaugura\u00e7\u00e3o Academia Popular S\u00e3o Raimundo<\/strong><\/p>\n<p><strong>Hor\u00e1rio:\u00a0<\/strong>17 horas<\/p>\n<p><strong>Local:\u00a0<\/strong>Rua Ametista, n\u00ba 280 &#8211; S\u00e3o Raimundo &#8211; Pr\u00f3x. Par\u00f3quia S\u00e3o Raimundo<\/p>\n<p><strong>Inaugura\u00e7\u00e3o UBS S\u00e3o Raimundo<\/strong><\/p>\n<p><strong>Hor\u00e1rio: <\/strong>18 horas<\/p>\n<p><strong>Local: <\/strong>Rua da Mica, S\/N &#8211; S\u00e3o Raimundo (Pr\u00f3x. \u00e0 Drogaria Luciane)<\/p>\n<p><strong>Encontro das Escolas de Samba<\/strong><\/p>\n<p><strong>Hor\u00e1rio:\u00a0<\/strong>18 horas<\/p>\n<p><strong>Local:\u00a0<\/strong>Pra\u00e7a dos Pioneiros<\/p>\n<p><strong>Varal de Poesias (Associa\u00e7\u00e3o Nova Acr\u00f3pole)<\/strong><\/p>\n<p><strong>Hor\u00e1rio:\u00a0<\/strong>19 horas<\/p>\n<p><strong>Local:\u00a0<\/strong>Pra\u00e7a dos Pioneiros<\/p>\n<p><strong>Show com a Banda Z\u00e9 Pedro<\/strong><\/p>\n<p><strong>Hor\u00e1rio:\u00a0<\/strong>19 horas<\/p>\n<p><strong>Local:\u00a0<\/strong>Pra\u00e7a dos Pioneiros<\/p>\n<p><strong>Parab\u00e9ns e discurso da Prefeita <\/strong><\/p>\n<p><strong>Hor\u00e1rio:<\/strong> 20 horas<\/p>\n<p><strong>Local:<\/strong> Pra\u00e7a dos Pioneiros<\/p>\n<p><strong>Distribui\u00e7\u00e3o de bolo a comunidade<\/strong><\/p>\n<p><strong>Hor\u00e1rio:\u00a0<\/strong>20h30<\/p>\n<p><strong>Local:\u00a0<\/strong>Pra\u00e7a dos Pioneiros<\/p>\n<p><strong>Show com Samuel King<\/strong><\/p>\n<p><strong>Hor\u00e1rio:\u00a0<\/strong>21 horas<\/p>\n<p><strong>Local:\u00a0<\/strong>Pra\u00e7a dos Pioneiros<\/p>\n<p><strong>Show da Banda Made in Bahia<\/strong><\/p>\n<p><strong>Hor\u00e1rio:\u00a0<\/strong>22h30<\/p>\n<p><strong>Local:\u00a0<\/strong>Pra\u00e7a dos Pioneiros<\/p>\n<ul>\n<li><strong>Dia 31 de Janeiro:<\/strong><\/li>\n<\/ul>\n<p><strong>An\u00fancio novos empreendimentos Minha Casa Minha Vida<\/strong><\/p>\n<p><strong>Hor\u00e1rio:\u00a0<\/strong>18 horas<\/p>\n<p><strong>Local:\u00a0<\/strong>Teatro Atiaia<\/p>\n<ul>\n<li><strong>Dia 2 de Fevereiro:<\/strong><\/li>\n<\/ul>\n<p><strong>Reinaugura\u00e7\u00e3o Posto de Sa\u00fade Xonin de Baixo<\/strong><\/p>\n<p><strong>Hor\u00e1rio<\/strong>: 9 horas<\/p>\n<p><strong>Local:\u00a0<\/strong>Rua Tito Alves, n\u00b0 55, no distrito de Xonin de Baixo<\/p>\n<p><strong>Reinaugura\u00e7\u00e3o Creche Xonin de Baixo<\/strong><\/p>\n<p><strong>Hor\u00e1rio:\u00a0<\/strong>9h30<\/p>\n<p><strong>Local:\u00a0<\/strong>Rua Santo Ant\u00f4nio, n\u00b0 261, no distrito de Xonin de Baixo<\/p>\n<ul>\n<li><strong>Dia 3 de Fevereiro:<\/strong><\/li>\n<\/ul>\n<p><strong>Reinaugura\u00e7\u00e3o Posto de Sa\u00fade Turmalina<\/strong><\/p>\n<p><strong>Hor\u00e1rio:\u00a0<\/strong>18 horas<\/p>\n<p><strong>Local:\u00a0<\/strong>Rua Cedro, S\/N \u2013 Turmalina<\/p>\n<ul>\n<li><strong>Dia 5 de Fevereiro:<\/strong><\/li>\n<\/ul>\n<p>I<strong>naugura\u00e7\u00e3o Biblioteca Municipal e Centro Cultural Nelson Mandela<\/strong><\/p>\n<p><strong>Hor\u00e1rio:\u00a0<\/strong>19 horas<\/p>\n<p><strong>Local:\u00a0<\/strong>Rua Afonso Pena esquina com a Rua Marechal Deodoro \u2013 Centro<\/p>\n<ul>\n<li><strong>Dia 6 de Fevereiro:<\/strong><\/li>\n<\/ul>\n<p><strong>Inaugura\u00e7\u00e3o Escola Municipal Ot\u00e1vio Soares<\/strong><\/p>\n<p><strong>Hor\u00e1rio:\u00a0<\/strong>9 horas<\/p>\n<p><strong>Local:\u00a0<\/strong>Rua Felipe Moreira Caldas, n\u00b0 1.100 &#8211;\u00a0 Bairro Fraternidade<\/p>\n<p><strong>Reinaugura\u00e7\u00e3o Posto Sa\u00fade Vila Ozanan<\/strong><\/p>\n<p><strong>Hor\u00e1rio:\u00a0<\/strong>18 horas<\/p>\n<p><strong>Local:\u00a0<\/strong>Rua M, n\u00ba 92 &#8211; Bairro Vila Ozanan<\/p>\n","protected":false},"excerpt":{"rendered":"<p>Confira abaixo a Programa\u00e7\u00e3o completa do anivers\u00e1rio de Governador Valadares: Dia 26 de Janeiro: XXXII Corrida R\u00fastica do Anivers\u00e1rio da Cidade \u2013 Largada Hor\u00e1rio: 9 horas Local:\u00a0Pra\u00e7a dos Pioneiros Apresenta\u00e7\u00e3o das Bandas: Ascendancy, Z\u00e9 Louco, Matchbox, Brasilian Energy Hor\u00e1rio: 14 horas Local: Horto Municipal Dia 27 de Janeiro: Inaugura\u00e7\u00e3o Almoxarifado Hospital Municipal Hor\u00e1rio: 10 horas [&hellip;]<\/p>\n","protected":false},"author":1,"featured_media":0,"comment_status":"open","ping_status":"open","sticky":false,"template":"","format":"standard","meta":{"footnotes":""},"categories":[6],"tags":[],"class_list":["post-565","post","type-post","status-publish","format-standard","hentry","category-noticias"],"_links":{"self":[{"href":"https:\/\/www.encontragovvaladares.com.br\/noticias\/wp-json\/wp\/v2\/posts\/565","targetHints":{"allow":["GET"]}}],"collection":[{"href":"https:\/\/www.encontragovvaladares.com.br\/noticias\/wp-json\/wp\/v2\/posts"}],"about":[{"href":"https:\/\/www.encontragovvaladares.com.br\/noticias\/wp-json\/wp\/v2\/types\/post"}],"author":[{"embeddable":true,"href":"https:\/\/www.encontragovvaladares.com.br\/noticias\/wp-json\/wp\/v2\/users\/1"}],"replies":[{"embeddable":true,"href":"https:\/\/www.encontragovvaladares.com.br\/noticias\/wp-json\/wp\/v2\/comments?post=565"}],"version-history":[{"count":1,"href":"https:\/\/www.encontragovvaladares.com.br\/noticias\/wp-json\/wp\/v2\/posts\/565\/revisions"}],"predecessor-version":[{"id":566,"href":"https:\/\/www.encontragovvaladares.com.br\/noticias\/wp-json\/wp\/v2\/posts\/565\/revisions\/566"}],"wp:attachment":[{"href":"https:\/\/www.encontragovvaladares.com.br\/noticias\/wp-json\/wp\/v2\/media?parent=565"}],"wp:term":[{"taxonomy":"category","embeddable":true,"href":"https:\/\/www.encontragovvaladares.com.br\/noticias\/wp-json\/wp\/v2\/categories?post=565"},{"taxonomy":"post_tag","embeddable":true,"href":"https:\/\/www.encontragovvaladares.com.br\/noticias\/wp-json\/wp\/v2\/tags?post=565"}],"curies":[{"name":"wp","href":"https:\/\/api.w.org\/{rel}","templated":true}]}}