{"id":568,"date":"2014-02-04T09:47:23","date_gmt":"2014-02-04T11:47:23","guid":{"rendered":"http:\/\/www.encontragovvaladares.com.br\/noticias\/?p=568"},"modified":"2014-02-04T09:47:23","modified_gmt":"2014-02-04T11:47:23","slug":"centro-cultural-de-valadares-sera-inaugurado-nesta-quarta","status":"publish","type":"post","link":"https:\/\/www.encontragovvaladares.com.br\/noticias\/centro-cultural-de-valadares-sera-inaugurado-nesta-quarta\/","title":{"rendered":"Centro Cultural de Valadares ser\u00e1 inaugurado nesta quarta"},"content":{"rendered":"<p>Leitores e amantes das artes est\u00e3o em contagem regressiva. \u00c9 que ser\u00e1 inaugurada amanh\u00e3, dia 5 (quarta-feira), a obra que converteu a antiga cadeia p\u00fablica no Centro Cultural Nelson Mandela, que abrigar\u00e1 a Biblioteca P\u00fablica Municipal Professor Paulo Zappi e outros espa\u00e7os dedicados \u00e0 cultura.<\/p>\n<p>O pr\u00e9dio foi totalmente adaptado para deficientes f\u00edsicos, com rampas de acesso e elevador. No primeiro piso, o p\u00e1tio onde antes os presos tomavam banho de sol, ser\u00e1 transformado numa \u00e1rea de eventos e conviv\u00eancia, com bancos e jardim. Haver\u00e1 ainda salas de leitura para crian\u00e7as, adultos e tamb\u00e9m cabines individuais de leitura. O acesso \u00e0 internet e a consulta ao acervo poder\u00e3o ser feitos nos terminais de acesso (computadores) dispon\u00edveis. Na hemeroteca (palavra complicada, de origem grega, que significa cole\u00e7\u00e3o de peri\u00f3dicos), jornais e revistas estar\u00e3o dispon\u00edveis aos usu\u00e1rios.<\/p>\n<p>No segundo pavimento, h\u00e1 um grande audit\u00f3rio e mais outra sala multiuso para pequenas apresenta\u00e7\u00f5es e proje\u00e7\u00e3o de v\u00eddeos e trabalhos diversos. Uma sala \u00e0 parte vai acolher o acervo de obras raras, sendo as outras depend\u00eancias destinadas \u00e0 administra\u00e7\u00e3o e funcion\u00e1rios.<\/p>\n<p>Por sugest\u00e3o da prefeita Elisa Costa, o Centro recebeu o nome Nelson Mandela, em homenagem ao l\u00edder pol\u00edtico africano morto em 5 de dezembro do ano passado, que passou 27 anos preso e \u00e9 considerado uma das maiores personalidades do s\u00e9culo 20.<\/p>\n<p><strong>Recursos<\/strong><\/p>\n<p>Quando deputada estadual, em 2007, a prefeita Elisa Costa prop\u00f4s uma emenda no valor de R$ 100 mil, que, ent\u00e3o, foram aplicados na reforma da parte do pr\u00e9dio da antiga cadeia onde hoje est\u00e1 instalada a Academia Valadarense de Letras. No ano seguinte, ela prop\u00f4s outra emenda, esta no valor de R$ 500 mil, para a reforma e convers\u00e3o do restante do pr\u00e9dio em sede da Biblioteca P\u00fablica Municipal, que teve in\u00edcio com a assinatura da ordem de servi\u00e7o para a obra em 20 de dezembro de 2011.<\/p>\n<p>A obra recebeu uma contrapartida da <a title=\"Prefeitura de Governador Valadares\" href=\"http:\/\/www.encontragovvaladares.com.br\/governador-valadares\/prefeitura-municipal-de-governador-valadares.shtml\" target=\"_blank\">Prefeitura de Governador Valadares<\/a> no valor de R$ 73 mil. O restante foi captado com a Usiminas e Cenibra gra\u00e7as \u00e0s Leis de Incentivo \u00e0 Cultura federal e estadual. Foi investido R$ 1 milh\u00e3o 350 mil no total.<\/p>\n<p>\u201cDeve-se ressaltar a simbologia desta obra: estamos transformando um antigo pres\u00eddio num espa\u00e7o do livre pensar. Cultura \u00e9 desenvolvimento e liberta\u00e7\u00e3o, pois cria cidad\u00e3os cr\u00edticos. Estamos preservando nosso patrim\u00f4nio hist\u00f3rico e cultural ao mesmo tempo que nos preparamos para o futuro\u201d, declarou a prefeita.<\/p>\n","protected":false},"excerpt":{"rendered":"<p>Leitores e amantes das artes est\u00e3o em contagem regressiva. \u00c9 que ser\u00e1 inaugurada amanh\u00e3, dia 5 (quarta-feira), a obra que converteu a antiga cadeia p\u00fablica no Centro Cultural Nelson Mandela, que abrigar\u00e1 a Biblioteca P\u00fablica Municipal Professor Paulo Zappi e outros espa\u00e7os dedicados \u00e0 cultura. O pr\u00e9dio foi totalmente adaptado para deficientes f\u00edsicos, com rampas [&hellip;]<\/p>\n","protected":false},"author":1,"featured_media":0,"comment_status":"open","ping_status":"open","sticky":false,"template":"","format":"standard","meta":{"footnotes":""},"categories":[6],"tags":[],"class_list":["post-568","post","type-post","status-publish","format-standard","hentry","category-noticias"],"_links":{"self":[{"href":"https:\/\/www.encontragovvaladares.com.br\/noticias\/wp-json\/wp\/v2\/posts\/568","targetHints":{"allow":["GET"]}}],"collection":[{"href":"https:\/\/www.encontragovvaladares.com.br\/noticias\/wp-json\/wp\/v2\/posts"}],"about":[{"href":"https:\/\/www.encontragovvaladares.com.br\/noticias\/wp-json\/wp\/v2\/types\/post"}],"author":[{"embeddable":true,"href":"https:\/\/www.encontragovvaladares.com.br\/noticias\/wp-json\/wp\/v2\/users\/1"}],"replies":[{"embeddable":true,"href":"https:\/\/www.encontragovvaladares.com.br\/noticias\/wp-json\/wp\/v2\/comments?post=568"}],"version-history":[{"count":1,"href":"https:\/\/www.encontragovvaladares.com.br\/noticias\/wp-json\/wp\/v2\/posts\/568\/revisions"}],"predecessor-version":[{"id":569,"href":"https:\/\/www.encontragovvaladares.com.br\/noticias\/wp-json\/wp\/v2\/posts\/568\/revisions\/569"}],"wp:attachment":[{"href":"https:\/\/www.encontragovvaladares.com.br\/noticias\/wp-json\/wp\/v2\/media?parent=568"}],"wp:term":[{"taxonomy":"category","embeddable":true,"href":"https:\/\/www.encontragovvaladares.com.br\/noticias\/wp-json\/wp\/v2\/categories?post=568"},{"taxonomy":"post_tag","embeddable":true,"href":"https:\/\/www.encontragovvaladares.com.br\/noticias\/wp-json\/wp\/v2\/tags?post=568"}],"curies":[{"name":"wp","href":"https:\/\/api.w.org\/{rel}","templated":true}]}}