{"id":574,"date":"2014-02-28T11:08:44","date_gmt":"2014-02-28T14:08:44","guid":{"rendered":"http:\/\/www.encontragovvaladares.com.br\/noticias\/?p=574"},"modified":"2014-02-28T11:08:44","modified_gmt":"2014-02-28T14:08:44","slug":"ufjf-lanca-edital-de-concurso-em-valadares","status":"publish","type":"post","link":"https:\/\/www.encontragovvaladares.com.br\/noticias\/ufjf-lanca-edital-de-concurso-em-valadares\/","title":{"rendered":"UFJF lan\u00e7a edital de concurso em Valadares"},"content":{"rendered":"<p>A Universidade Federal de Juiz de Fora (UFJF) est\u00e1 com inscri\u00e7\u00f5es abertas at\u00e9 4 de mar\u00e7o para o processo seletivo que preencher\u00e1 91 vagas de T\u00e9cnico-Administrativos em Educa\u00e7\u00e3o (TAE) para o campus de Governador Valadares \u2013 em n\u00edvel fundamental, m\u00e9dio e superior.<\/p>\n<p>Os sal\u00e1rios v\u00e3o de R$ 1.562,23 a R$ 3.230,88.<\/p>\n<p>As provas te\u00f3ricas ser\u00e3o aplicadas em 30 de mar\u00e7o, em Valadares.\u00a0 Est\u00e3o previstas vagas para diversos cargos e n\u00edveis de classifica\u00e7\u00e3o, inclusive as reservadas para pessoas com defici\u00eancia. Cada cargo possui defini\u00e7\u00f5es espec\u00edficas como: n\u00famero de vagas, cargas hor\u00e1rias semanais e exig\u00eancias de escolaridade m\u00ednima.<\/p>\n<p>Para o reitor Henrique Duque esses concursos abertos oficialmente nesta sexta, assim como os pr\u00f3ximos editais que ainda ser\u00e3o divulgados, ir\u00e3o modificar o perfil da Universidade, consagrando o crescimento da institui\u00e7\u00e3o em todos os aspectos.<\/p>\n<p>Saiba mais e inscreva-se no link: ufjf.br\/copese\/concursos\/<\/p>\n","protected":false},"excerpt":{"rendered":"<p>A Universidade Federal de Juiz de Fora (UFJF) est\u00e1 com inscri\u00e7\u00f5es abertas at\u00e9 4 de mar\u00e7o para o processo seletivo que preencher\u00e1 91 vagas de T\u00e9cnico-Administrativos em Educa\u00e7\u00e3o (TAE) para o campus de Governador Valadares \u2013 em n\u00edvel fundamental, m\u00e9dio e superior. Os sal\u00e1rios v\u00e3o de R$ 1.562,23 a R$ 3.230,88. As provas te\u00f3ricas ser\u00e3o [&hellip;]<\/p>\n","protected":false},"author":1,"featured_media":0,"comment_status":"open","ping_status":"open","sticky":false,"template":"","format":"standard","meta":{"footnotes":""},"categories":[6],"tags":[],"class_list":["post-574","post","type-post","status-publish","format-standard","hentry","category-noticias"],"_links":{"self":[{"href":"https:\/\/www.encontragovvaladares.com.br\/noticias\/wp-json\/wp\/v2\/posts\/574","targetHints":{"allow":["GET"]}}],"collection":[{"href":"https:\/\/www.encontragovvaladares.com.br\/noticias\/wp-json\/wp\/v2\/posts"}],"about":[{"href":"https:\/\/www.encontragovvaladares.com.br\/noticias\/wp-json\/wp\/v2\/types\/post"}],"author":[{"embeddable":true,"href":"https:\/\/www.encontragovvaladares.com.br\/noticias\/wp-json\/wp\/v2\/users\/1"}],"replies":[{"embeddable":true,"href":"https:\/\/www.encontragovvaladares.com.br\/noticias\/wp-json\/wp\/v2\/comments?post=574"}],"version-history":[{"count":1,"href":"https:\/\/www.encontragovvaladares.com.br\/noticias\/wp-json\/wp\/v2\/posts\/574\/revisions"}],"predecessor-version":[{"id":575,"href":"https:\/\/www.encontragovvaladares.com.br\/noticias\/wp-json\/wp\/v2\/posts\/574\/revisions\/575"}],"wp:attachment":[{"href":"https:\/\/www.encontragovvaladares.com.br\/noticias\/wp-json\/wp\/v2\/media?parent=574"}],"wp:term":[{"taxonomy":"category","embeddable":true,"href":"https:\/\/www.encontragovvaladares.com.br\/noticias\/wp-json\/wp\/v2\/categories?post=574"},{"taxonomy":"post_tag","embeddable":true,"href":"https:\/\/www.encontragovvaladares.com.br\/noticias\/wp-json\/wp\/v2\/tags?post=574"}],"curies":[{"name":"wp","href":"https:\/\/api.w.org\/{rel}","templated":true}]}}